{"id":9780,"date":"2017-07-01T15:00:00","date_gmt":"2017-07-01T15:00:00","guid":{"rendered":"https:\/\/musik.a-z-translation.com\/kleiner-buchstabe-ganz-gro-und-andere\/"},"modified":"2020-01-03T11:37:49","modified_gmt":"2020-01-03T11:37:49","slug":"kleiner-buchstabe-ganz-gro-und-andere","status":"publish","type":"post","link":"https:\/\/www.a-z-translations.com\/en\/kleiner-buchstabe-ganz-gro-und-andere\/","title":{"rendered":"Kleiner Buchstabe ganz gro\u00df, und andere Neuerungen"},"content":{"rendered":"<p>Falls es noch nicht jeder mitbekommen hat: Seit dieser Woche gibt es<br \/>\neinen neuen Buchstaben im deutschen Alphabet! Das scharfe S, auch<br \/>\n&#8220;Eszett&#8221; genannt, kann man nun auch gro\u00df schreiben, was vielleicht nicht<br \/>\n jedem als notwendig erscheint, f\u00fcr Eigennamen aber doch wichtig ist.<\/p>\n<p>Bisher<br \/>\n musste man das scharfe S bei einer Schreibweise nur mit Gro\u00dfbuchstaben<br \/>\nmit &#8220;SS&#8221; ersetzen, was mitunter zu Verwechslungen f\u00fchren konnte. Oder,<br \/>\nwie ich von Kollegen gelernt habe, im technischen Bereich mit &#8220;SZ&#8221;, was<br \/>\nirgendwie eigenartig aussieht, aber wohl ganz \u00fcblich ist.<\/p>\n<p>Au\u00dferdem gab es auch noch einige andere Neuerungen der Rechtschreibreform, nachzulesen <a href=\"http:\/\/www.sueddeutsche.de\/news\/kultur\/sprache-die-deutsche-sprache-hat-jetzt-auch-ein-grosses-eszett-dpa.urn-newsml-dpa-com-20090101-170629-99-42137\" target=\"_blank\" rel=\"noopener noreferrer\">hier<\/a>.<\/p>\n<table align=\"center\" cellpadding=\"0\" cellspacing=\"0\" class=\"tr-caption-container\" style=\"float: left; margin-right: 1em; text-align: left;\">\n<tbody>\n<tr>\n<td style=\"text-align: center;\"><img fetchpriority=\"high\" decoding=\"async\" alt=\"Sprache\" height=\"239\" src=\"http:\/\/media-cdn.sueddeutsche.de\/image\/dpa.urn-newsml-dpa-com-20090101-170629-99-42147\/135x101?v=1498770793000\" style=\"margin-left: auto; margin-right: auto;\" width=\"320\" \/><\/td>\n<\/tr>\n<tr>\n<td class=\"tr-caption\" style=\"text-align: center;\"><\/td>\n<\/tr>\n<\/tbody>\n<\/table>\n<div class=\"entry-title\">\n<\/div>\n<div class=\"entry-title\">\nLinks der kleingeschriebene Buchstabe &#8220;Eszett&#8221;,<br \/>\nrechts die Variante in Gro\u00dfschreibung.&nbsp;<\/div>\n<div class=\"entry-title\">\nQuelle: <a href=\"http:\/\/www.sueddeutsche.de\/news\/kultur\/sprache-die-deutsche-sprache-hat-jetzt-auch-ein-grosses-eszett-dpa.urn-newsml-dpa-com-20090101-170629-99-42137\" target=\"_blank\" rel=\"noopener noreferrer\">SZ<\/a>&nbsp;<\/div>\n<div class=\"entry-title\">\nFoto: Stephan Jansen\n                    <\/div>\n<p>\nUnd wie schreibe ich das gro\u00dfe scharfe S \u00fcberhaupt am PC? <br \/>\nMit der Tastenkombination <span class=\"postbody\">ALT+7838. Das geht allerdings (noch?) nicht \u00fcberall.<\/span><br \/>\n<span class=\"postbody\">Hier hier auf dem Blog kommt dabei das raus: \u00d7<\/span><\/p>\n<div class=\"MsoNormal\">\n<span class=\"postbody\">In Word funktioniert es aber:<\/span> \u1e9e (aus Word kopiert), ebenso in Outlook. In Excel wiederum nicht&#8230;<\/div>\n<div class=\"MsoNormal\">\nIn memoQ funktioniert es, in SDL Trados nicht.<\/div>\n<div class=\"MsoNormal\">\n<\/div>\n<div class=\"MsoNormal\">\nIm Notfall also entweder aus Word kopieren oder \u00fcber die Zeichen ausw\u00e4hlen.<\/div>\n","protected":false},"excerpt":{"rendered":"<p>Falls es noch nicht jeder mitbekommen hat: Seit dieser Woche gibt es einen neuen Buchstaben im deutschen Alphabet! Das scharfe S, auch &#8220;Eszett&#8221; genannt, kann man nun auch gro\u00df schreiben, was vielleicht nicht jedem als notwendig erscheint, f\u00fcr Eigennamen aber doch wichtig ist. Bisher musste man das scharfe S bei einer Schreibweise nur mit Gro\u00dfbuchstaben [&hellip;]<\/p>\n","protected":false},"author":3,"featured_media":0,"comment_status":"open","ping_status":"open","sticky":false,"template":"","format":"standard","meta":{"om_disable_all_campaigns":false,"jetpack_post_was_ever_published":false,"_jetpack_newsletter_access":"","_jetpack_dont_email_post_to_subs":false,"_jetpack_newsletter_tier_id":0,"_jetpack_memberships_contains_paywalled_content":false,"_jetpack_memberships_contains_paid_content":false,"footnotes":"","jetpack_publicize_message":"","jetpack_publicize_feature_enabled":true,"jetpack_social_post_already_shared":false,"jetpack_social_options":{"image_generator_settings":{"template":"highway","enabled":false},"version":2}},"categories":[1],"tags":[92,388,389,390,391,392,370],"class_list":["post-9780","post","type-post","status-publish","format-standard","hentry","category-unkategorisiert","tag-deutsch","tag-eszett","tag-neue-rechtschreibung","tag-neuer-buchstabe","tag-rechtschreibreform","tag-scharfes-s","tag-sprache","entry"],"jetpack_publicize_connections":[],"aioseo_notices":[],"jetpack_featured_media_url":"","jetpack_sharing_enabled":true,"_links":{"self":[{"href":"https:\/\/www.a-z-translations.com\/en\/wp-json\/wp\/v2\/posts\/9780"}],"collection":[{"href":"https:\/\/www.a-z-translations.com\/en\/wp-json\/wp\/v2\/posts"}],"about":[{"href":"https:\/\/www.a-z-translations.com\/en\/wp-json\/wp\/v2\/types\/post"}],"author":[{"embeddable":true,"href":"https:\/\/www.a-z-translations.com\/en\/wp-json\/wp\/v2\/users\/3"}],"replies":[{"embeddable":true,"href":"https:\/\/www.a-z-translations.com\/en\/wp-json\/wp\/v2\/comments?post=9780"}],"version-history":[{"count":1,"href":"https:\/\/www.a-z-translations.com\/en\/wp-json\/wp\/v2\/posts\/9780\/revisions"}],"predecessor-version":[{"id":10938,"href":"https:\/\/www.a-z-translations.com\/en\/wp-json\/wp\/v2\/posts\/9780\/revisions\/10938"}],"wp:attachment":[{"href":"https:\/\/www.a-z-translations.com\/en\/wp-json\/wp\/v2\/media?parent=9780"}],"wp:term":[{"taxonomy":"category","embeddable":true,"href":"https:\/\/www.a-z-translations.com\/en\/wp-json\/wp\/v2\/categories?post=9780"},{"taxonomy":"post_tag","embeddable":true,"href":"https:\/\/www.a-z-translations.com\/en\/wp-json\/wp\/v2\/tags?post=9780"}],"curies":[{"name":"wp","href":"https:\/\/api.w.org\/{rel}","templated":true}]}}